{"id":841,"date":"2012-04-20T16:10:46","date_gmt":"2012-04-20T14:10:46","guid":{"rendered":"http:\/\/www.runathome.de\/blog\/?p=841"},"modified":"2023-05-04T21:25:40","modified_gmt":"2023-05-04T19:25:40","slug":"das-jagdschloss","status":"publish","type":"post","link":"http:\/\/www.runathome.de\/?p=841","title":{"rendered":"Das Jagdschloss"},"content":{"rendered":"<p>Der einst historische Sommersitz, wurde 1873 vom Haus Wettin-Albertinische Linie errichtet und diente bis 1918 als Aufenthaltsort der S\u00e4chsichen K\u00f6nigsfamilie. Von 1945 bis 1989 diente das Jagdschloss als Feriendomizil verschiedener staatlicher Stellen der DDR. Seit der Wende nutze die Landespolizeischule Sachsen den Komplex des Jagdschlosses als Fortbildungs- und Tagungsst\u00e4tte bis Dezember 2000. Mit der \u00dcbernahme durch das Staatliche Liegenschaftsamt wurde der Verfall dann endg\u00fcltig besiegelt.<br \/>\nVorbei sind die glorreichen Zeiten des Jagdschlosses.<br \/>\nngg_shortcode_0_placeholder<br \/>\nAlle Fotos in der <a href=\"http:\/\/www.runathome.de\/piwigo\/index.php?\/category\/86\" target=\"_self\" rel=\"noopener\">Galerie<\/a> \u2192<br \/>\n360\u00b0 <a href=\"http:\/\/www.runathome.de\/piwigo\/picture.php?\/1090\/category\/85\" target=\"_self\" rel=\"noopener\">Panorama <\/a> \u2192im Treppenaufgang<br \/>\n<a href=\"http:\/\/www.runathome.de\/piwigo\/picture.php?\/1090\/category\/85\"><img loading=\"lazy\" decoding=\"async\" class=\"alignleft size-full wp-image-848\" title=\"rahV11_8773_Panorama\" src=\"http:\/\/www.runathome.de\/blog\/wp-content\/uploads\/2012\/04\/rahV11_8773_Panorama.jpg\" alt=\"\" width=\"300\" height=\"200\" srcset=\"http:\/\/www.runathome.de\/blog\/wp-content\/uploads\/2012\/04\/rahV11_8773_Panorama.jpg 300w, http:\/\/www.runathome.de\/blog\/wp-content\/uploads\/2012\/04\/rahV11_8773_Panorama-250x166.jpg 250w\" sizes=\"auto, (max-width: 300px) 100vw, 300px\" \/><\/a><\/p>\n","protected":false},"excerpt":{"rendered":"<p>Der einst historische Sommersitz, wurde 1873 vom Haus Wettin-Albertinische Linie errichtet und diente bis 1918 als Aufenthaltsort der S\u00e4chsichen K\u00f6nigsfamilie. Von 1945 bis 1989 diente das Jagdschloss als Feriendomizil verschiedener staatlicher Stellen der DDR. <a href=\"http:\/\/www.runathome.de\/?p=841\">Weiterlesen <span class=\"meta-nav\">&rarr;<\/span><\/a><\/p>\n","protected":false},"author":4,"featured_media":2149,"comment_status":"open","ping_status":"open","sticky":false,"template":"","format":"standard","meta":{"ngg_post_thumbnail":0,"footnotes":""},"categories":[141,1],"tags":[197,262,260,261],"class_list":["post-841","post","type-post","status-publish","format-standard","has-post-thumbnail","hentry","category-fotos","category-news","tag-denkmal","tag-ferienheim","tag-jagdschloss","tag-sachsen"],"_links":{"self":[{"href":"http:\/\/www.runathome.de\/index.php?rest_route=\/wp\/v2\/posts\/841","targetHints":{"allow":["GET"]}}],"collection":[{"href":"http:\/\/www.runathome.de\/index.php?rest_route=\/wp\/v2\/posts"}],"about":[{"href":"http:\/\/www.runathome.de\/index.php?rest_route=\/wp\/v2\/types\/post"}],"author":[{"embeddable":true,"href":"http:\/\/www.runathome.de\/index.php?rest_route=\/wp\/v2\/users\/4"}],"replies":[{"embeddable":true,"href":"http:\/\/www.runathome.de\/index.php?rest_route=%2Fwp%2Fv2%2Fcomments&post=841"}],"version-history":[{"count":3,"href":"http:\/\/www.runathome.de\/index.php?rest_route=\/wp\/v2\/posts\/841\/revisions"}],"predecessor-version":[{"id":2150,"href":"http:\/\/www.runathome.de\/index.php?rest_route=\/wp\/v2\/posts\/841\/revisions\/2150"}],"wp:featuredmedia":[{"embeddable":true,"href":"http:\/\/www.runathome.de\/index.php?rest_route=\/wp\/v2\/media\/2149"}],"wp:attachment":[{"href":"http:\/\/www.runathome.de\/index.php?rest_route=%2Fwp%2Fv2%2Fmedia&parent=841"}],"wp:term":[{"taxonomy":"category","embeddable":true,"href":"http:\/\/www.runathome.de\/index.php?rest_route=%2Fwp%2Fv2%2Fcategories&post=841"},{"taxonomy":"post_tag","embeddable":true,"href":"http:\/\/www.runathome.de\/index.php?rest_route=%2Fwp%2Fv2%2Ftags&post=841"}],"curies":[{"name":"wp","href":"https:\/\/api.w.org\/{rel}","templated":true}]}}